{"id":18384,"date":"2026-04-09T09:14:00","date_gmt":"2026-04-09T14:14:00","guid":{"rendered":"https:\/\/reddevidasas.com.co\/sitio\/?p=18384"},"modified":"2026-04-10T17:48:23","modified_gmt":"2026-04-10T22:48:23","slug":"5-actividades-para-estimular-la-memoria-en-personas-mayores","status":"publish","type":"post","link":"https:\/\/reddevidasas.com.co\/sitio\/5-actividades-para-estimular-la-memoria-en-personas-mayores\/","title":{"rendered":"5 actividades para mejorar la memoria en adultos mayores (f\u00e1ciles y efectivas)"},"content":{"rendered":"\n\n\n<p class=\"wp-block-paragraph\"><\/p>\n\n\n\n<p class=\"wp-block-paragraph\">La memoria es una de las funciones cognitivas que m\u00e1s puede beneficiarse de la estimulaci\u00f3n adecuada a lo largo del tiempo.<\/p>\n\n\n\n<p class=\"wp-block-paragraph\">En las personas mayores, realizar actividades sencillas y significativas puede ayudar a mantener la mente activa, fortalecer capacidades y favorecer el bienestar general.<\/p>\n\n\n\n<p class=\"wp-block-paragraph\">A continuaci\u00f3n, presentamos 5 actividades pr\u00e1cticas que pueden realizarse en casa, en familia o en espacios grupales.<\/p>\n\n\n<h4>1\ufe0f\u20e3 Recordar historias de vida<\/h4>\n<h5>Invitar a la persona mayor a recordar momentos importantes:<\/h5>\n<ul>\n<li>infancia<\/li>\n<li>trabajo<\/li>\n<li>familia<\/li>\n<li><strong>Esto estimula:<\/strong><\/li>\n<li>memoria a largo plazo<\/li>\n<li>lenguaje<\/li>\n<li>conexi\u00f3n emocional<\/li>\n<\/ul>\n<h4>2\ufe0f\u20e3 Juegos de palabras<\/h4>\n<p><strong>Ejemplos<\/strong><\/p>\n<p>Sopas de letras<\/p>\n<p>Completar frases<\/p>\n<p>Encontrar palabras con una letra<\/p>\n<p><strong>Beneficios:<\/strong><\/p>\n<ul>\n<li>Atenci\u00f3n<\/li>\n<li>Lenguaje<\/li>\n<li>Agilidad mental<\/li>\n<\/ul>\n<h4>3\ufe0f\u20e3 Asociaci\u00f3n de im\u00e1genes<\/h4>\n<h5>\nMostrar im\u00e1genes y pedir:<\/h5>\n<p>Que las describa<\/p>\n<p>Que las relacione<\/p>\n<p>Que recuerde situaciones similares<\/p>\n<p><strong>Trabaja:<\/strong><\/p>\n<p>memoria visual<\/p>\n<p>lenguaje<\/p>\n<p>interpretaci\u00f3n<\/p>\n<h4>4\ufe0f\u20e3 Rutinas con variaciones<\/h4>\n<p><strong>Ejemplos<\/strong><\/p>\n<p>Cambiar peque\u00f1os elementos del d\u00eda<\/p>\n<p>Introducir nuevas actividades<\/p>\n<p><strong>Esto ayuda a:<\/strong><\/p>\n<p>Mantener la mente activa<\/p>\n<p>Mejorar la flexibilidad cognitiva<\/p>\n<h4>5\ufe0f\u20e3 Actividades intergeneracionales<\/h4>\n<h5>\nRealizar actividades con:<\/h5>\n<p>Hijos<\/p>\n<p>Nietos<\/p>\n<p>Familiares<\/p>\n<p><strong>Favorece:<\/strong><\/p>\n<p>Motivaci\u00f3n<\/p>\n<p>Memoria<\/p>\n<p>Bienestar emocional<\/p>\n<p><strong>Se\u00f1ales a las que debes prestar atenci\u00f3n<\/strong><\/p>\n<p>Si notas que tu familiar:<\/p>\n<p>Olvida conversaciones recientes<\/p>\n<p>Se desorienta en lugares conocidos<\/p>\n<p>Repite preguntas con frecuencia<\/p>\n<p>Es importante actuar a tiempo.<\/p>\n<p>\t\t\t\t\t\t\t\t\t\t\t\t\t<img fetchpriority=\"high\" decoding=\"async\" width=\"561\" height=\"1024\" src=\"https:\/\/reddevidasas.com.co\/sitio\/wp-content\/uploads\/2026\/03\/Actividades-5-561x1024.jpg\" alt=\"\" srcset=\"https:\/\/reddevidasas.com.co\/sitio\/wp-content\/uploads\/2026\/03\/Actividades-5-561x1024.jpg 561w, https:\/\/reddevidasas.com.co\/sitio\/wp-content\/uploads\/2026\/03\/Actividades-5-164x300.jpg 164w, https:\/\/reddevidasas.com.co\/sitio\/wp-content\/uploads\/2026\/03\/Actividades-5-768x1403.jpg 768w, https:\/\/reddevidasas.com.co\/sitio\/wp-content\/uploads\/2026\/03\/Actividades-5-841x1536.jpg 841w, https:\/\/reddevidasas.com.co\/sitio\/wp-content\/uploads\/2026\/03\/Actividades-5-600x1096.jpg 600w, https:\/\/reddevidasas.com.co\/sitio\/wp-content\/uploads\/2026\/03\/Actividades-5.jpg 876w\" sizes=\"(max-width: 561px) 100vw, 561px\" \/>\t\t\t\t\t\t\t\t\t\t\t\t\t<\/p>\n<p>La estimulaci\u00f3n cognitiva no requiere actividades complejas. Lo m\u00e1s importante es la constancia, la participaci\u00f3n y el significado de las actividades para la persona mayor.<\/p>\n<p>Incorporar estos ejercicios en la vida diaria puede contribuir a un envejecimiento activo, aut\u00f3nomo y con mayor calidad de vida.<\/p>\n<p>Si buscas materiales pr\u00e1cticos para trabajar la memoria, la atenci\u00f3n y el lenguaje en personas mayores, te invitamos a conocer nuestros recursos:<\/p>\n<p>\u00bfTe preocupa la memoria de un familiar?<\/p>\n<p>En Red de Vida acompa\u00f1amos a adultos mayores a fortalecer sus habilidades cognitivas y mantener su independencia.<\/p>\n<p>\ud83d\udcf2 Escr\u00edbenos por WhatsApp y agenda una valoraci\u00f3n inicial.<\/p>\n<p>\ud83d\udc49 <strong>Explorar Mente Activa 60+<\/strong><\/p>","protected":false},"excerpt":{"rendered":"<p>La memoria es una de las funciones cognitivas que m\u00e1s puede beneficiarse de la estimulaci\u00f3n adecuada a lo largo del&#8230;<\/p>\n","protected":false},"author":1,"featured_media":18761,"comment_status":"open","ping_status":"open","sticky":false,"template":"elementor_theme","format":"standard","meta":{"footnotes":""},"categories":[74],"tags":[],"class_list":["post-18384","post","type-post","status-publish","format-standard","has-post-thumbnail","hentry","category-cuidado-de-personas-mayores"],"_links":{"self":[{"href":"https:\/\/reddevidasas.com.co\/sitio\/wp-json\/wp\/v2\/posts\/18384","targetHints":{"allow":["GET"]}}],"collection":[{"href":"https:\/\/reddevidasas.com.co\/sitio\/wp-json\/wp\/v2\/posts"}],"about":[{"href":"https:\/\/reddevidasas.com.co\/sitio\/wp-json\/wp\/v2\/types\/post"}],"author":[{"embeddable":true,"href":"https:\/\/reddevidasas.com.co\/sitio\/wp-json\/wp\/v2\/users\/1"}],"replies":[{"embeddable":true,"href":"https:\/\/reddevidasas.com.co\/sitio\/wp-json\/wp\/v2\/comments?post=18384"}],"version-history":[{"count":28,"href":"https:\/\/reddevidasas.com.co\/sitio\/wp-json\/wp\/v2\/posts\/18384\/revisions"}],"predecessor-version":[{"id":18766,"href":"https:\/\/reddevidasas.com.co\/sitio\/wp-json\/wp\/v2\/posts\/18384\/revisions\/18766"}],"wp:featuredmedia":[{"embeddable":true,"href":"https:\/\/reddevidasas.com.co\/sitio\/wp-json\/wp\/v2\/media\/18761"}],"wp:attachment":[{"href":"https:\/\/reddevidasas.com.co\/sitio\/wp-json\/wp\/v2\/media?parent=18384"}],"wp:term":[{"taxonomy":"category","embeddable":true,"href":"https:\/\/reddevidasas.com.co\/sitio\/wp-json\/wp\/v2\/categories?post=18384"},{"taxonomy":"post_tag","embeddable":true,"href":"https:\/\/reddevidasas.com.co\/sitio\/wp-json\/wp\/v2\/tags?post=18384"}],"curies":[{"name":"wp","href":"https:\/\/api.w.org\/{rel}","templated":true}]}}