{"id":18867,"date":"2026-04-10T18:21:23","date_gmt":"2026-04-10T23:21:23","guid":{"rendered":"https:\/\/reddevidasas.com.co\/sitio\/?p=18867"},"modified":"2026-04-10T18:49:23","modified_gmt":"2026-04-10T23:49:23","slug":"mente-y-cuerpo-activos-la-formula-para-un-envejecimiento-saludable","status":"publish","type":"post","link":"https:\/\/reddevidasas.com.co\/sitio\/mente-y-cuerpo-activos-la-formula-para-un-envejecimiento-saludable\/","title":{"rendered":"Mente y Cuerpo Activos: La F\u00f3rmula para un Envejecimiento Saludable"},"content":{"rendered":"\t\t<div data-elementor-type=\"wp-post\" data-elementor-id=\"18867\" class=\"elementor elementor-18867\">\n\t\t\t\t<div class=\"elementor-element elementor-element-65d3305 e-flex e-con-boxed tm-col-stretched-none tm-bg-color-over-image e-con e-parent\" data-id=\"65d3305\" data-element_type=\"container\" data-e-type=\"container\">\n\t\t\t\t\t<div class=\"e-con-inner\">\n\t\t\t\t<div class=\"elementor-element elementor-element-37638ca elementor-widget__width-initial elementor-widget elementor-widget-text-editor\" data-id=\"37638ca\" data-element_type=\"widget\" data-e-type=\"widget\" data-widget_type=\"text-editor.default\">\n\t\t\t\t\t\t\t\t\t<p>El bienestar en la tercera edad va m\u00e1s all\u00e1 de la salud f\u00edsica; abarca el cuidado de la mente y las emociones. Fomentar la autonom\u00eda y una actitud positiva es clave para una buena calidad de vida. Mantenerse activo, tanto intelectual como socialmente, es un poderoso aliado para prevenir el deterioro cognitivo y el aislamiento.<\/p>\t\t\t\t\t\t\t\t<\/div>\n\t\t\t\t<div class=\"elementor-element elementor-element-82bcb13 elementor-widget elementor-widget-image\" data-id=\"82bcb13\" data-element_type=\"widget\" data-e-type=\"widget\" data-widget_type=\"image.default\">\n\t\t\t\t\t\t\t\t\t\t\t\t\t\t\t<img fetchpriority=\"high\" decoding=\"async\" width=\"1024\" height=\"588\" src=\"https:\/\/reddevidasas.com.co\/sitio\/wp-content\/uploads\/2026\/04\/Cuidador-1-1024x588.jpg\" class=\"attachment-large size-large wp-image-18870\" alt=\"\" srcset=\"https:\/\/reddevidasas.com.co\/sitio\/wp-content\/uploads\/2026\/04\/Cuidador-1-1024x588.jpg 1024w, https:\/\/reddevidasas.com.co\/sitio\/wp-content\/uploads\/2026\/04\/Cuidador-1-300x172.jpg 300w, https:\/\/reddevidasas.com.co\/sitio\/wp-content\/uploads\/2026\/04\/Cuidador-1-768x441.jpg 768w, https:\/\/reddevidasas.com.co\/sitio\/wp-content\/uploads\/2026\/04\/Cuidador-1-600x345.jpg 600w, https:\/\/reddevidasas.com.co\/sitio\/wp-content\/uploads\/2026\/04\/Cuidador-1.jpg 1140w\" sizes=\"(max-width: 1024px) 100vw, 1024px\" \/>\t\t\t\t\t\t\t\t\t\t\t\t\t\t\t<\/div>\n\t\t\t\t<div class=\"elementor-element elementor-element-3c51876 elementor-widget__width-initial elementor-widget elementor-widget-text-editor\" data-id=\"3c51876\" data-element_type=\"widget\" data-e-type=\"widget\" data-widget_type=\"text-editor.default\">\n\t\t\t\t\t\t\t\t\t<p><strong>Estimulaci\u00f3n f\u00edsica y cognitiva:<\/strong><br \/>Realizar\u00a0actividad f\u00edsica de forma regular, adaptada a las capacidades de cada persona (como caminar, nadar o hacer estiramientos), ayuda a fortalecer los m\u00fasculos, mejorar el equilibrio y liberar endorfinas, lo que mejora el estado de \u00e1nimo. Paralelamente, es esencial\u00a0ejercitar la mente\u00a0con actividades como la lectura, los crucigramas, los juegos de memoria o aprender algo nuevo, ya que esto fortalece las funciones cognitivas y la agilidad mental.<\/p><p><strong>Cuidado emocional y conexi\u00f3n social:<\/strong><br \/>El\u00a0apoyo emocional y las relaciones sociales\u00a0son pilares fundamentales. Combatir la soledad no deseada, manteniendo el contacto con familiares y amigos o participando en actividades comunitarias, es tan importante como cualquier otro cuidado. Para la persona mayor, sentirse escuchada, valorada y respetada en sus decisiones refuerza su autoestima y sentido de pertenencia. Una\u00a0dieta variada e hidratarse\u00a0correctamente completan el c\u00edrculo del bienestar integral.<\/p>\t\t\t\t\t\t\t\t<\/div>\n\t\t\t\t\t<\/div>\n\t\t\t\t<\/div>\n\t\t\t\t<\/div>\n\t\t","protected":false},"excerpt":{"rendered":"<p>El bienestar en la tercera edad va m\u00e1s all\u00e1 de la salud f\u00edsica; abarca el cuidado de la mente y&#8230;<\/p>\n","protected":false},"author":1,"featured_media":18869,"comment_status":"open","ping_status":"open","sticky":false,"template":"","format":"standard","meta":{"footnotes":""},"categories":[74],"tags":[],"class_list":["post-18867","post","type-post","status-publish","format-standard","has-post-thumbnail","hentry","category-cuidado-de-personas-mayores"],"_links":{"self":[{"href":"https:\/\/reddevidasas.com.co\/sitio\/wp-json\/wp\/v2\/posts\/18867","targetHints":{"allow":["GET"]}}],"collection":[{"href":"https:\/\/reddevidasas.com.co\/sitio\/wp-json\/wp\/v2\/posts"}],"about":[{"href":"https:\/\/reddevidasas.com.co\/sitio\/wp-json\/wp\/v2\/types\/post"}],"author":[{"embeddable":true,"href":"https:\/\/reddevidasas.com.co\/sitio\/wp-json\/wp\/v2\/users\/1"}],"replies":[{"embeddable":true,"href":"https:\/\/reddevidasas.com.co\/sitio\/wp-json\/wp\/v2\/comments?post=18867"}],"version-history":[{"count":13,"href":"https:\/\/reddevidasas.com.co\/sitio\/wp-json\/wp\/v2\/posts\/18867\/revisions"}],"predecessor-version":[{"id":18885,"href":"https:\/\/reddevidasas.com.co\/sitio\/wp-json\/wp\/v2\/posts\/18867\/revisions\/18885"}],"wp:featuredmedia":[{"embeddable":true,"href":"https:\/\/reddevidasas.com.co\/sitio\/wp-json\/wp\/v2\/media\/18869"}],"wp:attachment":[{"href":"https:\/\/reddevidasas.com.co\/sitio\/wp-json\/wp\/v2\/media?parent=18867"}],"wp:term":[{"taxonomy":"category","embeddable":true,"href":"https:\/\/reddevidasas.com.co\/sitio\/wp-json\/wp\/v2\/categories?post=18867"},{"taxonomy":"post_tag","embeddable":true,"href":"https:\/\/reddevidasas.com.co\/sitio\/wp-json\/wp\/v2\/tags?post=18867"}],"curies":[{"name":"wp","href":"https:\/\/api.w.org\/{rel}","templated":true}]}}